{"id":3988,"date":"2025-06-04T11:18:00","date_gmt":"2025-06-04T09:18:00","guid":{"rendered":"https:\/\/www.korzetiiskola.hu\/wp\/?p=3988"},"modified":"2025-06-16T11:20:27","modified_gmt":"2025-06-16T09:20:27","slug":"megemlekezes-junius-4","status":"publish","type":"post","link":"https:\/\/www.korzetiiskola.hu\/wp\/megemlekezes-junius-4\/","title":{"rendered":"Megeml\u00e9kez\u00e9s, j\u00fanius 4."},"content":{"rendered":"<p>[et_pb_section fb_built=&#8221;1&#8243; theme_builder_area=&#8221;post_content&#8221; _builder_version=&#8221;4.18.1&#8243; _module_preset=&#8221;default&#8221;][et_pb_row _builder_version=&#8221;4.18.1&#8243; _module_preset=&#8221;default&#8221; column_structure=&#8221;1_3,2_3&#8243; theme_builder_area=&#8221;post_content&#8221;][et_pb_column _builder_version=&#8221;4.18.1&#8243; _module_preset=&#8221;default&#8221; type=&#8221;1_3&#8243; theme_builder_area=&#8221;post_content&#8221;][et_pb_image src=&#8221;https:\/\/www.korzetiiskola.hu\/wp\/wp-content\/uploads\/2025\/06\/499270877_1207730964483643_8960672717818095000_n.jpg&#8221; _builder_version=&#8221;4.18.1&#8243; _module_preset=&#8221;default&#8221; theme_builder_area=&#8221;post_content&#8221; title_text=&#8221;499270877_1207730964483643_8960672717818095000_n&#8221; box_shadow_style=&#8221;preset1&#8243; hover_enabled=&#8221;0&#8243; sticky_enabled=&#8221;0&#8243;][\/et_pb_image][\/et_pb_column][et_pb_column _builder_version=&#8221;4.18.1&#8243; _module_preset=&#8221;default&#8221; type=&#8221;2_3&#8243; theme_builder_area=&#8221;post_content&#8221;][et_pb_text _builder_version=&#8221;4.18.1&#8243; _module_preset=&#8221;default&#8221; theme_builder_area=&#8221;post_content&#8221; text_font=&#8221;Poppins||||||||&#8221; hover_enabled=&#8221;0&#8243; sticky_enabled=&#8221;0&#8243;]<\/p>\n<div dir=\"auto\" class=\"html-div xdj266r x14z9mp xat24cr x1lziwak xexx8yu xyri2b x18d9i69 x1c1uobl\">\n<div data-ad-rendering-role=\"story_message\" class=\"html-div xdj266r x14z9mp xat24cr x1lziwak xexx8yu xyri2b x18d9i69 x1c1uobl\">\n<div class=\"x1l90r2v x1iorvi4 x1g0dm76 xpdmqnj\" data-ad-comet-preview=\"message\" data-ad-preview=\"message\" id=\"_r_cs_\">\n<div class=\"x78zum5 xdt5ytf xz62fqu x16ldp7u\">\n<div class=\"xu06os2 x1ok221b\">\n<div class=\"html-div xdj266r x14z9mp xat24cr x1lziwak xexx8yu xyri2b x18d9i69 x1c1uobl\">\n<div class=\"xdj266r x14z9mp xat24cr x1lziwak x1vvkbs x126k92a\">\n<div dir=\"auto\" style=\"text-align: start;\">1920. j\u00fanius 4., Trianon-palota, a b\u00e9keszerz\u0151d\u00e9s al\u00e1\u00edr\u00e1sa:<\/div>\n<div dir=\"auto\" style=\"text-align: start;\">&#8220;Consummatum est &#8211; bev\u00e9geztetett.&#8221;<\/div>\n<div dir=\"auto\" style=\"text-align: start;\"><span class=\"html-span xdj266r x14z9mp xat24cr x1lziwak xexx8yu xyri2b x18d9i69 x1c1uobl x1hl2dhg x16tdsg8 x1vvkbs\"><a class=\"html-a xdj266r x14z9mp xat24cr x1lziwak xexx8yu xyri2b x18d9i69 x1c1uobl x1hl2dhg x16tdsg8 x1vvkbs\" tabindex=\"-1\"><\/a><\/span>Horv\u00e1th Zsuzsanna tan\u00e1rn\u0151 \u00e1ltal szerkesztett megeml\u00e9kez\u00e9sen a 7.B oszt\u00e1ly eleven\u00edtette fel a 105 \u00e9ve t\u00f6rt\u00e9nt esem\u00e9nyeket a nemzeti \u00f6sszetartoz\u00e1s napj\u00e1n.<\/div>\n<\/div>\n<\/div>\n<\/div>\n<\/div>\n<\/div>\n<\/div>\n<\/div>\n<p>[\/et_pb_text][\/et_pb_column][\/et_pb_row][\/et_pb_section]<\/p>\n","protected":false},"excerpt":{"rendered":"<p>1920. j\u00fanius 4., Trianon-palota, a b\u00e9keszerz\u0151d\u00e9s al\u00e1\u00edr\u00e1sa: &#8220;Consummatum est &#8211; bev\u00e9geztetett.&#8221; Horv\u00e1th Zsuzsanna tan\u00e1rn\u0151 \u00e1ltal szerkesztett megeml\u00e9kez\u00e9sen a 7.B oszt\u00e1ly eleven\u00edtette fel a 105 \u00e9ve t\u00f6rt\u00e9nt esem\u00e9nyeket a nemzeti \u00f6sszetartoz\u00e1s napj\u00e1n.<\/p>\n","protected":false},"author":1,"featured_media":0,"comment_status":"closed","ping_status":"open","sticky":false,"template":"","format":"standard","meta":{"_et_pb_use_builder":"on","_et_pb_old_content":"","_et_gb_content_width":"1080","_monsterinsights_skip_tracking":false,"_monsterinsights_sitenote_active":false,"_monsterinsights_sitenote_note":"","_monsterinsights_sitenote_category":0},"categories":[1],"tags":[],"yoast_head":"<!-- This site is optimized with the Yoast SEO plugin v19.9 - https:\/\/yoast.com\/wordpress\/plugins\/seo\/ -->\n<title>Megeml\u00e9kez\u00e9s, j\u00fanius 4. - J\u00e1nossomorjai K\u00f6rzeti \u00c1ltal\u00e1nos Iskola \u00e9s AMI<\/title>\n<meta name=\"robots\" content=\"index, follow, max-snippet:-1, max-image-preview:large, max-video-preview:-1\" \/>\n<link rel=\"canonical\" href=\"https:\/\/www.korzetiiskola.hu\/wp\/megemlekezes-junius-4\/\" \/>\n<meta property=\"og:locale\" content=\"hu_HU\" \/>\n<meta property=\"og:type\" content=\"article\" \/>\n<meta property=\"og:title\" content=\"Megeml\u00e9kez\u00e9s, j\u00fanius 4. - J\u00e1nossomorjai K\u00f6rzeti \u00c1ltal\u00e1nos Iskola \u00e9s AMI\" \/>\n<meta property=\"og:description\" content=\"1920. j\u00fanius 4., Trianon-palota, a b\u00e9keszerz\u0151d\u00e9s al\u00e1\u00edr\u00e1sa: &quot;Consummatum est - bev\u00e9geztetett.&quot; Horv\u00e1th Zsuzsanna tan\u00e1rn\u0151 \u00e1ltal szerkesztett megeml\u00e9kez\u00e9sen a 7.B oszt\u00e1ly eleven\u00edtette fel a 105 \u00e9ve t\u00f6rt\u00e9nt esem\u00e9nyeket a nemzeti \u00f6sszetartoz\u00e1s napj\u00e1n.\" \/>\n<meta property=\"og:url\" content=\"https:\/\/www.korzetiiskola.hu\/wp\/megemlekezes-junius-4\/\" \/>\n<meta property=\"og:site_name\" content=\"J\u00e1nossomorjai K\u00f6rzeti \u00c1ltal\u00e1nos Iskola \u00e9s AMI\" \/>\n<meta property=\"article:published_time\" content=\"2025-06-04T09:18:00+00:00\" \/>\n<meta property=\"article:modified_time\" content=\"2025-06-16T09:20:27+00:00\" \/>\n<meta name=\"author\" content=\"wpadmin\" \/>\n<meta name=\"twitter:card\" content=\"summary_large_image\" \/>\n<meta name=\"twitter:label1\" content=\"Szerz\u0151:\" \/>\n\t<meta name=\"twitter:data1\" content=\"wpadmin\" \/>\n<script type=\"application\/ld+json\" class=\"yoast-schema-graph\">{\"@context\":\"https:\/\/schema.org\",\"@graph\":[{\"@type\":\"WebPage\",\"@id\":\"https:\/\/www.korzetiiskola.hu\/wp\/megemlekezes-junius-4\/\",\"url\":\"https:\/\/www.korzetiiskola.hu\/wp\/megemlekezes-junius-4\/\",\"name\":\"Megeml\u00e9kez\u00e9s, j\u00fanius 4. - J\u00e1nossomorjai K\u00f6rzeti \u00c1ltal\u00e1nos Iskola \u00e9s AMI\",\"isPartOf\":{\"@id\":\"https:\/\/www.korzetiiskola.hu\/wp\/#website\"},\"datePublished\":\"2025-06-04T09:18:00+00:00\",\"dateModified\":\"2025-06-16T09:20:27+00:00\",\"author\":{\"@id\":\"https:\/\/www.korzetiiskola.hu\/wp\/#\/schema\/person\/7060614f21eb5704c49ebe326c8ae5ee\"},\"breadcrumb\":{\"@id\":\"https:\/\/www.korzetiiskola.hu\/wp\/megemlekezes-junius-4\/#breadcrumb\"},\"inLanguage\":\"hu\",\"potentialAction\":[{\"@type\":\"ReadAction\",\"target\":[\"https:\/\/www.korzetiiskola.hu\/wp\/megemlekezes-junius-4\/\"]}]},{\"@type\":\"BreadcrumbList\",\"@id\":\"https:\/\/www.korzetiiskola.hu\/wp\/megemlekezes-junius-4\/#breadcrumb\",\"itemListElement\":[{\"@type\":\"ListItem\",\"position\":1,\"name\":\"Home\",\"item\":\"https:\/\/www.korzetiiskola.hu\/wp\/\"},{\"@type\":\"ListItem\",\"position\":2,\"name\":\"Megeml\u00e9kez\u00e9s, j\u00fanius 4.\"}]},{\"@type\":\"WebSite\",\"@id\":\"https:\/\/www.korzetiiskola.hu\/wp\/#website\",\"url\":\"https:\/\/www.korzetiiskola.hu\/wp\/\",\"name\":\"J\u00e1nossomorjai K\u00f6rzeti \u00c1ltal\u00e1nos Iskola \u00e9s AMI\",\"description\":\"Iskolai WordPress alap\u00fa honlap\",\"potentialAction\":[{\"@type\":\"SearchAction\",\"target\":{\"@type\":\"EntryPoint\",\"urlTemplate\":\"https:\/\/www.korzetiiskola.hu\/wp\/?s={search_term_string}\"},\"query-input\":\"required name=search_term_string\"}],\"inLanguage\":\"hu\"},{\"@type\":\"Person\",\"@id\":\"https:\/\/www.korzetiiskola.hu\/wp\/#\/schema\/person\/7060614f21eb5704c49ebe326c8ae5ee\",\"name\":\"wpadmin\",\"image\":{\"@type\":\"ImageObject\",\"inLanguage\":\"hu\",\"@id\":\"https:\/\/www.korzetiiskola.hu\/wp\/#\/schema\/person\/image\/\",\"url\":\"https:\/\/secure.gravatar.com\/avatar\/0caa0b15f6495b707da1fe7e3970163c?s=96&d=mm&r=g\",\"contentUrl\":\"https:\/\/secure.gravatar.com\/avatar\/0caa0b15f6495b707da1fe7e3970163c?s=96&d=mm&r=g\",\"caption\":\"wpadmin\"},\"sameAs\":[\"https:\/\/www.korzetiiskola.hu\/wp\"],\"url\":\"https:\/\/www.korzetiiskola.hu\/wp\/author\/wpadmin\/\"}]}<\/script>\n<!-- \/ Yoast SEO plugin. -->","yoast_head_json":{"title":"Megeml\u00e9kez\u00e9s, j\u00fanius 4. - J\u00e1nossomorjai K\u00f6rzeti \u00c1ltal\u00e1nos Iskola \u00e9s AMI","robots":{"index":"index","follow":"follow","max-snippet":"max-snippet:-1","max-image-preview":"max-image-preview:large","max-video-preview":"max-video-preview:-1"},"canonical":"https:\/\/www.korzetiiskola.hu\/wp\/megemlekezes-junius-4\/","og_locale":"hu_HU","og_type":"article","og_title":"Megeml\u00e9kez\u00e9s, j\u00fanius 4. - J\u00e1nossomorjai K\u00f6rzeti \u00c1ltal\u00e1nos Iskola \u00e9s AMI","og_description":"1920. j\u00fanius 4., Trianon-palota, a b\u00e9keszerz\u0151d\u00e9s al\u00e1\u00edr\u00e1sa: \"Consummatum est - bev\u00e9geztetett.\" Horv\u00e1th Zsuzsanna tan\u00e1rn\u0151 \u00e1ltal szerkesztett megeml\u00e9kez\u00e9sen a 7.B oszt\u00e1ly eleven\u00edtette fel a 105 \u00e9ve t\u00f6rt\u00e9nt esem\u00e9nyeket a nemzeti \u00f6sszetartoz\u00e1s napj\u00e1n.","og_url":"https:\/\/www.korzetiiskola.hu\/wp\/megemlekezes-junius-4\/","og_site_name":"J\u00e1nossomorjai K\u00f6rzeti \u00c1ltal\u00e1nos Iskola \u00e9s AMI","article_published_time":"2025-06-04T09:18:00+00:00","article_modified_time":"2025-06-16T09:20:27+00:00","author":"wpadmin","twitter_card":"summary_large_image","twitter_misc":{"Szerz\u0151:":"wpadmin"},"schema":{"@context":"https:\/\/schema.org","@graph":[{"@type":"WebPage","@id":"https:\/\/www.korzetiiskola.hu\/wp\/megemlekezes-junius-4\/","url":"https:\/\/www.korzetiiskola.hu\/wp\/megemlekezes-junius-4\/","name":"Megeml\u00e9kez\u00e9s, j\u00fanius 4. - J\u00e1nossomorjai K\u00f6rzeti \u00c1ltal\u00e1nos Iskola \u00e9s AMI","isPartOf":{"@id":"https:\/\/www.korzetiiskola.hu\/wp\/#website"},"datePublished":"2025-06-04T09:18:00+00:00","dateModified":"2025-06-16T09:20:27+00:00","author":{"@id":"https:\/\/www.korzetiiskola.hu\/wp\/#\/schema\/person\/7060614f21eb5704c49ebe326c8ae5ee"},"breadcrumb":{"@id":"https:\/\/www.korzetiiskola.hu\/wp\/megemlekezes-junius-4\/#breadcrumb"},"inLanguage":"hu","potentialAction":[{"@type":"ReadAction","target":["https:\/\/www.korzetiiskola.hu\/wp\/megemlekezes-junius-4\/"]}]},{"@type":"BreadcrumbList","@id":"https:\/\/www.korzetiiskola.hu\/wp\/megemlekezes-junius-4\/#breadcrumb","itemListElement":[{"@type":"ListItem","position":1,"name":"Home","item":"https:\/\/www.korzetiiskola.hu\/wp\/"},{"@type":"ListItem","position":2,"name":"Megeml\u00e9kez\u00e9s, j\u00fanius 4."}]},{"@type":"WebSite","@id":"https:\/\/www.korzetiiskola.hu\/wp\/#website","url":"https:\/\/www.korzetiiskola.hu\/wp\/","name":"J\u00e1nossomorjai K\u00f6rzeti \u00c1ltal\u00e1nos Iskola \u00e9s AMI","description":"Iskolai WordPress alap\u00fa honlap","potentialAction":[{"@type":"SearchAction","target":{"@type":"EntryPoint","urlTemplate":"https:\/\/www.korzetiiskola.hu\/wp\/?s={search_term_string}"},"query-input":"required name=search_term_string"}],"inLanguage":"hu"},{"@type":"Person","@id":"https:\/\/www.korzetiiskola.hu\/wp\/#\/schema\/person\/7060614f21eb5704c49ebe326c8ae5ee","name":"wpadmin","image":{"@type":"ImageObject","inLanguage":"hu","@id":"https:\/\/www.korzetiiskola.hu\/wp\/#\/schema\/person\/image\/","url":"https:\/\/secure.gravatar.com\/avatar\/0caa0b15f6495b707da1fe7e3970163c?s=96&d=mm&r=g","contentUrl":"https:\/\/secure.gravatar.com\/avatar\/0caa0b15f6495b707da1fe7e3970163c?s=96&d=mm&r=g","caption":"wpadmin"},"sameAs":["https:\/\/www.korzetiiskola.hu\/wp"],"url":"https:\/\/www.korzetiiskola.hu\/wp\/author\/wpadmin\/"}]}},"_links":{"self":[{"href":"https:\/\/www.korzetiiskola.hu\/wp\/wp-json\/wp\/v2\/posts\/3988"}],"collection":[{"href":"https:\/\/www.korzetiiskola.hu\/wp\/wp-json\/wp\/v2\/posts"}],"about":[{"href":"https:\/\/www.korzetiiskola.hu\/wp\/wp-json\/wp\/v2\/types\/post"}],"author":[{"embeddable":true,"href":"https:\/\/www.korzetiiskola.hu\/wp\/wp-json\/wp\/v2\/users\/1"}],"replies":[{"embeddable":true,"href":"https:\/\/www.korzetiiskola.hu\/wp\/wp-json\/wp\/v2\/comments?post=3988"}],"version-history":[{"count":2,"href":"https:\/\/www.korzetiiskola.hu\/wp\/wp-json\/wp\/v2\/posts\/3988\/revisions"}],"predecessor-version":[{"id":3992,"href":"https:\/\/www.korzetiiskola.hu\/wp\/wp-json\/wp\/v2\/posts\/3988\/revisions\/3992"}],"wp:attachment":[{"href":"https:\/\/www.korzetiiskola.hu\/wp\/wp-json\/wp\/v2\/media?parent=3988"}],"wp:term":[{"taxonomy":"category","embeddable":true,"href":"https:\/\/www.korzetiiskola.hu\/wp\/wp-json\/wp\/v2\/categories?post=3988"},{"taxonomy":"post_tag","embeddable":true,"href":"https:\/\/www.korzetiiskola.hu\/wp\/wp-json\/wp\/v2\/tags?post=3988"}],"curies":[{"name":"wp","href":"https:\/\/api.w.org\/{rel}","templated":true}]}}