{"id":3994,"date":"2025-06-06T11:21:00","date_gmt":"2025-06-06T09:21:00","guid":{"rendered":"https:\/\/www.korzetiiskola.hu\/wp\/?p=3994"},"modified":"2025-06-16T11:27:56","modified_gmt":"2025-06-16T09:27:56","slug":"pedagogusnap-2","status":"publish","type":"post","link":"https:\/\/www.korzetiiskola.hu\/wp\/pedagogusnap-2\/","title":{"rendered":"Pedag\u00f3gusnap"},"content":{"rendered":"<p>[et_pb_section fb_built=&#8221;1&#8243; theme_builder_area=&#8221;post_content&#8221; _builder_version=&#8221;4.18.1&#8243; _module_preset=&#8221;default&#8221;][et_pb_row _builder_version=&#8221;4.18.1&#8243; _module_preset=&#8221;default&#8221; column_structure=&#8221;1_4,1_4,1_2&#8243; theme_builder_area=&#8221;post_content&#8221;][et_pb_column _builder_version=&#8221;4.18.1&#8243; _module_preset=&#8221;default&#8221; type=&#8221;1_4&#8243; theme_builder_area=&#8221;post_content&#8221;][et_pb_image src=&#8221;https:\/\/www.korzetiiskola.hu\/wp\/wp-content\/uploads\/2025\/06\/504853922_1209514664305273_50164880556676237_n.jpg&#8221; _builder_version=&#8221;4.18.1&#8243; _module_preset=&#8221;default&#8221; theme_builder_area=&#8221;post_content&#8221; title_text=&#8221;504853922_1209514664305273_50164880556676237_n&#8221; box_shadow_style=&#8221;preset1&#8243; hover_enabled=&#8221;0&#8243; sticky_enabled=&#8221;0&#8243;][\/et_pb_image][\/et_pb_column][et_pb_column _builder_version=&#8221;4.18.1&#8243; _module_preset=&#8221;default&#8221; type=&#8221;1_4&#8243; theme_builder_area=&#8221;post_content&#8221;][et_pb_image src=&#8221;https:\/\/www.korzetiiskola.hu\/wp\/wp-content\/uploads\/2025\/06\/505131574_1209514544305285_286004067484336507_n.jpg&#8221; _builder_version=&#8221;4.18.1&#8243; _module_preset=&#8221;default&#8221; theme_builder_area=&#8221;post_content&#8221; title_text=&#8221;505131574_1209514544305285_286004067484336507_n&#8221; box_shadow_style=&#8221;preset1&#8243; hover_enabled=&#8221;0&#8243; sticky_enabled=&#8221;0&#8243;][\/et_pb_image][\/et_pb_column][et_pb_column _builder_version=&#8221;4.18.1&#8243; _module_preset=&#8221;default&#8221; type=&#8221;1_2&#8243; theme_builder_area=&#8221;post_content&#8221;][et_pb_text _builder_version=&#8221;4.18.1&#8243; _module_preset=&#8221;default&#8221; theme_builder_area=&#8221;post_content&#8221; text_font=&#8221;Poppins||||||||&#8221; hover_enabled=&#8221;0&#8243; sticky_enabled=&#8221;0&#8243;]<\/p>\n<p><span style=\"white-space: pre-wrap;\">Sok-sok \u00e9ve hagyom\u00e1ny m\u00e1r, hogy pedag\u00f3gusnapon J\u00e1nossomorja V\u00e1ros \u00d6nkorm\u00e1nyzata h\u00e1l\u00e1val \u00e9s szeretettel k\u00f6sz\u00f6nt\u00f6tte a tan\u00e1rokat, tan\u00edt\u00f3kat, \u00f3vodapedag\u00f3gusokat, gondoz\u00f3n\u0151ket s a munk\u00e1jukat seg\u00edt\u0151 minden dolgoz\u00f3t. Ezzel a rendezv\u00e9nnyel mondott k\u00f6sz\u00f6netet kitart\u00f3 munk\u00e1juk\u00e9rt \u00e9s az\u00e9rt a sok szeretet\u00e9rt \u00e9s gondoskod\u00e1s\u00e9rt, amit a telep\u00fcl\u00e9s gyermekei ir\u00e1nt tan\u00fas\u00edtottak a tan\u00e9v sor\u00e1n. <\/span><br \/><span style=\"white-space: pre-wrap;\">A m\u0171sorban szerepeltek: G\u0151si Zs\u00f3fia, Menk\u00f3 N\u00f3ra, Theiler Szabolcs, Horv\u00e1th-Rov\u00e1cs Johanna, Varsics Emma, Cser Dominik \u00e9s T\u00f3th Levente iskol\u00e1nk tanul\u00f3i \u00e9s Erd\u00e9sz G\u00e1bor m\u0171v\u00e9sztan\u00e1r.<\/span><br \/><strong><span style=\"white-space: pre-wrap;\">Az \u00fcnneps\u00e9gen k\u00f6sz\u00f6nt\u00f6tt\u00e9k rubindiplom\u00e1juk alkalm\u00e1b\u00f3l Bella S\u00e1ndorn\u00e9, Lenke n\u00e9nit \u00e9s V\u00f6r\u00f6s J\u00f3zsefn\u00e9, \u00c1gi n\u00e9nit.<\/span><\/strong><br \/><strong><span style=\"white-space: pre-wrap;\">Az \u00e9v dolgoz\u00f3ja Borsodi-Rozs Andrea, az \u00e9v \u00f3vodapedag\u00f3gusa Schwartzn\u00e9 Varga M\u00f3nika, az \u00e9v tan\u00e1ra Varg\u00e1n\u00e9 Horv\u00e1th Anita. J\u00e1nossomorja V\u00e1ros Pedag\u00f3gus \u00c9letm\u0171d\u00edj\u00e1t Nemes Csaba vehette \u00e1t.<\/span><\/strong><br \/><span style=\"white-space: pre-wrap;\">Gratul\u00e1lunk!<\/span><\/p>\n<p><a href=\"https:\/\/www.facebook.com\/janossomorjatv\/posts\/pfbid0PYiWf92teK6U6jdeMNKW8zzruYTddjgiorM4vo1tEiEpaWEtfVFmFQvjx7QGyo6wl\" target=\"_blank\" rel=\"noopener\"><span style=\"color: #33cccc;\"><strong>https:\/\/www.facebook.com\/janossomorjatv\/posts\/pfbid0PYiWf92teK6U6jdeMNKW8zzruYTddjgiorM4vo1tEiEpaWEtfVFmFQvjx7QGyo6wl<\/strong><\/span><\/a><\/p>\n<p>[\/et_pb_text][\/et_pb_column][\/et_pb_row][\/et_pb_section]<\/p>\n","protected":false},"excerpt":{"rendered":"<p>Sok-sok \u00e9ve hagyom\u00e1ny m\u00e1r, hogy pedag\u00f3gusnapon J\u00e1nossomorja V\u00e1ros \u00d6nkorm\u00e1nyzata h\u00e1l\u00e1val \u00e9s szeretettel k\u00f6sz\u00f6nt\u00f6tte a tan\u00e1rokat, tan\u00edt\u00f3kat, \u00f3vodapedag\u00f3gusokat, gondoz\u00f3n\u0151ket s a munk\u00e1jukat seg\u00edt\u0151 minden dolgoz\u00f3t. Ezzel a rendezv\u00e9nnyel mondott k\u00f6sz\u00f6netet kitart\u00f3 munk\u00e1juk\u00e9rt \u00e9s az\u00e9rt a sok szeretet\u00e9rt \u00e9s gondoskod\u00e1s\u00e9rt, amit a telep\u00fcl\u00e9s gyermekei ir\u00e1nt tan\u00fas\u00edtottak a tan\u00e9v sor\u00e1n. A m\u0171sorban szerepeltek: G\u0151si Zs\u00f3fia, Menk\u00f3 N\u00f3ra, Theiler [&hellip;]<\/p>\n","protected":false},"author":1,"featured_media":0,"comment_status":"closed","ping_status":"open","sticky":false,"template":"","format":"standard","meta":{"_et_pb_use_builder":"on","_et_pb_old_content":"","_et_gb_content_width":"1080","_monsterinsights_skip_tracking":false,"_monsterinsights_sitenote_active":false,"_monsterinsights_sitenote_note":"","_monsterinsights_sitenote_category":0},"categories":[1],"tags":[],"yoast_head":"<!-- This site is optimized with the Yoast SEO plugin v19.9 - https:\/\/yoast.com\/wordpress\/plugins\/seo\/ -->\n<title>Pedag\u00f3gusnap - J\u00e1nossomorjai K\u00f6rzeti \u00c1ltal\u00e1nos Iskola \u00e9s AMI<\/title>\n<meta name=\"robots\" content=\"index, follow, max-snippet:-1, max-image-preview:large, max-video-preview:-1\" \/>\n<link rel=\"canonical\" href=\"https:\/\/www.korzetiiskola.hu\/wp\/pedagogusnap-2\/\" \/>\n<meta property=\"og:locale\" content=\"hu_HU\" \/>\n<meta property=\"og:type\" content=\"article\" \/>\n<meta property=\"og:title\" content=\"Pedag\u00f3gusnap - J\u00e1nossomorjai K\u00f6rzeti \u00c1ltal\u00e1nos Iskola \u00e9s AMI\" \/>\n<meta property=\"og:description\" content=\"Sok-sok \u00e9ve hagyom\u00e1ny m\u00e1r, hogy pedag\u00f3gusnapon J\u00e1nossomorja V\u00e1ros \u00d6nkorm\u00e1nyzata h\u00e1l\u00e1val \u00e9s szeretettel k\u00f6sz\u00f6nt\u00f6tte a tan\u00e1rokat, tan\u00edt\u00f3kat, \u00f3vodapedag\u00f3gusokat, gondoz\u00f3n\u0151ket s a munk\u00e1jukat seg\u00edt\u0151 minden dolgoz\u00f3t. Ezzel a rendezv\u00e9nnyel mondott k\u00f6sz\u00f6netet kitart\u00f3 munk\u00e1juk\u00e9rt \u00e9s az\u00e9rt a sok szeretet\u00e9rt \u00e9s gondoskod\u00e1s\u00e9rt, amit a telep\u00fcl\u00e9s gyermekei ir\u00e1nt tan\u00fas\u00edtottak a tan\u00e9v sor\u00e1n. A m\u0171sorban szerepeltek: G\u0151si Zs\u00f3fia, Menk\u00f3 N\u00f3ra, Theiler [&hellip;]\" \/>\n<meta property=\"og:url\" content=\"https:\/\/www.korzetiiskola.hu\/wp\/pedagogusnap-2\/\" \/>\n<meta property=\"og:site_name\" content=\"J\u00e1nossomorjai K\u00f6rzeti \u00c1ltal\u00e1nos Iskola \u00e9s AMI\" \/>\n<meta property=\"article:published_time\" content=\"2025-06-06T09:21:00+00:00\" \/>\n<meta property=\"article:modified_time\" content=\"2025-06-16T09:27:56+00:00\" \/>\n<meta name=\"author\" content=\"wpadmin\" \/>\n<meta name=\"twitter:card\" content=\"summary_large_image\" \/>\n<meta name=\"twitter:label1\" content=\"Szerz\u0151:\" \/>\n\t<meta name=\"twitter:data1\" content=\"wpadmin\" \/>\n<script type=\"application\/ld+json\" class=\"yoast-schema-graph\">{\"@context\":\"https:\/\/schema.org\",\"@graph\":[{\"@type\":\"WebPage\",\"@id\":\"https:\/\/www.korzetiiskola.hu\/wp\/pedagogusnap-2\/\",\"url\":\"https:\/\/www.korzetiiskola.hu\/wp\/pedagogusnap-2\/\",\"name\":\"Pedag\u00f3gusnap - J\u00e1nossomorjai K\u00f6rzeti \u00c1ltal\u00e1nos Iskola \u00e9s AMI\",\"isPartOf\":{\"@id\":\"https:\/\/www.korzetiiskola.hu\/wp\/#website\"},\"datePublished\":\"2025-06-06T09:21:00+00:00\",\"dateModified\":\"2025-06-16T09:27:56+00:00\",\"author\":{\"@id\":\"https:\/\/www.korzetiiskola.hu\/wp\/#\/schema\/person\/7060614f21eb5704c49ebe326c8ae5ee\"},\"breadcrumb\":{\"@id\":\"https:\/\/www.korzetiiskola.hu\/wp\/pedagogusnap-2\/#breadcrumb\"},\"inLanguage\":\"hu\",\"potentialAction\":[{\"@type\":\"ReadAction\",\"target\":[\"https:\/\/www.korzetiiskola.hu\/wp\/pedagogusnap-2\/\"]}]},{\"@type\":\"BreadcrumbList\",\"@id\":\"https:\/\/www.korzetiiskola.hu\/wp\/pedagogusnap-2\/#breadcrumb\",\"itemListElement\":[{\"@type\":\"ListItem\",\"position\":1,\"name\":\"Home\",\"item\":\"https:\/\/www.korzetiiskola.hu\/wp\/\"},{\"@type\":\"ListItem\",\"position\":2,\"name\":\"Pedag\u00f3gusnap\"}]},{\"@type\":\"WebSite\",\"@id\":\"https:\/\/www.korzetiiskola.hu\/wp\/#website\",\"url\":\"https:\/\/www.korzetiiskola.hu\/wp\/\",\"name\":\"J\u00e1nossomorjai K\u00f6rzeti \u00c1ltal\u00e1nos Iskola \u00e9s AMI\",\"description\":\"Iskolai WordPress alap\u00fa honlap\",\"potentialAction\":[{\"@type\":\"SearchAction\",\"target\":{\"@type\":\"EntryPoint\",\"urlTemplate\":\"https:\/\/www.korzetiiskola.hu\/wp\/?s={search_term_string}\"},\"query-input\":\"required name=search_term_string\"}],\"inLanguage\":\"hu\"},{\"@type\":\"Person\",\"@id\":\"https:\/\/www.korzetiiskola.hu\/wp\/#\/schema\/person\/7060614f21eb5704c49ebe326c8ae5ee\",\"name\":\"wpadmin\",\"image\":{\"@type\":\"ImageObject\",\"inLanguage\":\"hu\",\"@id\":\"https:\/\/www.korzetiiskola.hu\/wp\/#\/schema\/person\/image\/\",\"url\":\"https:\/\/secure.gravatar.com\/avatar\/0caa0b15f6495b707da1fe7e3970163c?s=96&d=mm&r=g\",\"contentUrl\":\"https:\/\/secure.gravatar.com\/avatar\/0caa0b15f6495b707da1fe7e3970163c?s=96&d=mm&r=g\",\"caption\":\"wpadmin\"},\"sameAs\":[\"https:\/\/www.korzetiiskola.hu\/wp\"],\"url\":\"https:\/\/www.korzetiiskola.hu\/wp\/author\/wpadmin\/\"}]}<\/script>\n<!-- \/ Yoast SEO plugin. -->","yoast_head_json":{"title":"Pedag\u00f3gusnap - J\u00e1nossomorjai K\u00f6rzeti \u00c1ltal\u00e1nos Iskola \u00e9s AMI","robots":{"index":"index","follow":"follow","max-snippet":"max-snippet:-1","max-image-preview":"max-image-preview:large","max-video-preview":"max-video-preview:-1"},"canonical":"https:\/\/www.korzetiiskola.hu\/wp\/pedagogusnap-2\/","og_locale":"hu_HU","og_type":"article","og_title":"Pedag\u00f3gusnap - J\u00e1nossomorjai K\u00f6rzeti \u00c1ltal\u00e1nos Iskola \u00e9s AMI","og_description":"Sok-sok \u00e9ve hagyom\u00e1ny m\u00e1r, hogy pedag\u00f3gusnapon J\u00e1nossomorja V\u00e1ros \u00d6nkorm\u00e1nyzata h\u00e1l\u00e1val \u00e9s szeretettel k\u00f6sz\u00f6nt\u00f6tte a tan\u00e1rokat, tan\u00edt\u00f3kat, \u00f3vodapedag\u00f3gusokat, gondoz\u00f3n\u0151ket s a munk\u00e1jukat seg\u00edt\u0151 minden dolgoz\u00f3t. Ezzel a rendezv\u00e9nnyel mondott k\u00f6sz\u00f6netet kitart\u00f3 munk\u00e1juk\u00e9rt \u00e9s az\u00e9rt a sok szeretet\u00e9rt \u00e9s gondoskod\u00e1s\u00e9rt, amit a telep\u00fcl\u00e9s gyermekei ir\u00e1nt tan\u00fas\u00edtottak a tan\u00e9v sor\u00e1n. A m\u0171sorban szerepeltek: G\u0151si Zs\u00f3fia, Menk\u00f3 N\u00f3ra, Theiler [&hellip;]","og_url":"https:\/\/www.korzetiiskola.hu\/wp\/pedagogusnap-2\/","og_site_name":"J\u00e1nossomorjai K\u00f6rzeti \u00c1ltal\u00e1nos Iskola \u00e9s AMI","article_published_time":"2025-06-06T09:21:00+00:00","article_modified_time":"2025-06-16T09:27:56+00:00","author":"wpadmin","twitter_card":"summary_large_image","twitter_misc":{"Szerz\u0151:":"wpadmin"},"schema":{"@context":"https:\/\/schema.org","@graph":[{"@type":"WebPage","@id":"https:\/\/www.korzetiiskola.hu\/wp\/pedagogusnap-2\/","url":"https:\/\/www.korzetiiskola.hu\/wp\/pedagogusnap-2\/","name":"Pedag\u00f3gusnap - J\u00e1nossomorjai K\u00f6rzeti \u00c1ltal\u00e1nos Iskola \u00e9s AMI","isPartOf":{"@id":"https:\/\/www.korzetiiskola.hu\/wp\/#website"},"datePublished":"2025-06-06T09:21:00+00:00","dateModified":"2025-06-16T09:27:56+00:00","author":{"@id":"https:\/\/www.korzetiiskola.hu\/wp\/#\/schema\/person\/7060614f21eb5704c49ebe326c8ae5ee"},"breadcrumb":{"@id":"https:\/\/www.korzetiiskola.hu\/wp\/pedagogusnap-2\/#breadcrumb"},"inLanguage":"hu","potentialAction":[{"@type":"ReadAction","target":["https:\/\/www.korzetiiskola.hu\/wp\/pedagogusnap-2\/"]}]},{"@type":"BreadcrumbList","@id":"https:\/\/www.korzetiiskola.hu\/wp\/pedagogusnap-2\/#breadcrumb","itemListElement":[{"@type":"ListItem","position":1,"name":"Home","item":"https:\/\/www.korzetiiskola.hu\/wp\/"},{"@type":"ListItem","position":2,"name":"Pedag\u00f3gusnap"}]},{"@type":"WebSite","@id":"https:\/\/www.korzetiiskola.hu\/wp\/#website","url":"https:\/\/www.korzetiiskola.hu\/wp\/","name":"J\u00e1nossomorjai K\u00f6rzeti \u00c1ltal\u00e1nos Iskola \u00e9s AMI","description":"Iskolai WordPress alap\u00fa honlap","potentialAction":[{"@type":"SearchAction","target":{"@type":"EntryPoint","urlTemplate":"https:\/\/www.korzetiiskola.hu\/wp\/?s={search_term_string}"},"query-input":"required name=search_term_string"}],"inLanguage":"hu"},{"@type":"Person","@id":"https:\/\/www.korzetiiskola.hu\/wp\/#\/schema\/person\/7060614f21eb5704c49ebe326c8ae5ee","name":"wpadmin","image":{"@type":"ImageObject","inLanguage":"hu","@id":"https:\/\/www.korzetiiskola.hu\/wp\/#\/schema\/person\/image\/","url":"https:\/\/secure.gravatar.com\/avatar\/0caa0b15f6495b707da1fe7e3970163c?s=96&d=mm&r=g","contentUrl":"https:\/\/secure.gravatar.com\/avatar\/0caa0b15f6495b707da1fe7e3970163c?s=96&d=mm&r=g","caption":"wpadmin"},"sameAs":["https:\/\/www.korzetiiskola.hu\/wp"],"url":"https:\/\/www.korzetiiskola.hu\/wp\/author\/wpadmin\/"}]}},"_links":{"self":[{"href":"https:\/\/www.korzetiiskola.hu\/wp\/wp-json\/wp\/v2\/posts\/3994"}],"collection":[{"href":"https:\/\/www.korzetiiskola.hu\/wp\/wp-json\/wp\/v2\/posts"}],"about":[{"href":"https:\/\/www.korzetiiskola.hu\/wp\/wp-json\/wp\/v2\/types\/post"}],"author":[{"embeddable":true,"href":"https:\/\/www.korzetiiskola.hu\/wp\/wp-json\/wp\/v2\/users\/1"}],"replies":[{"embeddable":true,"href":"https:\/\/www.korzetiiskola.hu\/wp\/wp-json\/wp\/v2\/comments?post=3994"}],"version-history":[{"count":2,"href":"https:\/\/www.korzetiiskola.hu\/wp\/wp-json\/wp\/v2\/posts\/3994\/revisions"}],"predecessor-version":[{"id":4000,"href":"https:\/\/www.korzetiiskola.hu\/wp\/wp-json\/wp\/v2\/posts\/3994\/revisions\/4000"}],"wp:attachment":[{"href":"https:\/\/www.korzetiiskola.hu\/wp\/wp-json\/wp\/v2\/media?parent=3994"}],"wp:term":[{"taxonomy":"category","embeddable":true,"href":"https:\/\/www.korzetiiskola.hu\/wp\/wp-json\/wp\/v2\/categories?post=3994"},{"taxonomy":"post_tag","embeddable":true,"href":"https:\/\/www.korzetiiskola.hu\/wp\/wp-json\/wp\/v2\/tags?post=3994"}],"curies":[{"name":"wp","href":"https:\/\/api.w.org\/{rel}","templated":true}]}}